{"id":12567,"date":"2023-09-21T07:01:00","date_gmt":"2023-09-21T12:01:00","guid":{"rendered":"https:\/\/golin.com\/emea\/?p=12567"},"modified":"2023-10-11T03:41:42","modified_gmt":"2023-10-11T08:41:42","slug":"iaa-si-golin-invita-comunitatea-creativa-locala-la-conferinta-globala-iaa-creativity4better-2022","status":"publish","type":"post","link":"https:\/\/golin.com\/emea\/iaa-si-golin-invita-comunitatea-creativa-locala-la-conferinta-globala-iaa-creativity4better-2022\/","title":{"rendered":"IAA \u0219i Golin invit\u0103 comunitatea creativ\u0103 local\u0103 la Conferin\u0163a Global\u0103 IAA \u201eCreativity4Better\u201d 2022"},"content":{"rendered":"","protected":false},"excerpt":{"rendered":"","protected":false},"author":51,"featured_media":12568,"comment_status":"closed","ping_status":"closed","sticky":false,"template":"","format":"standard","meta":{"_acf_changed":false,"footnotes":""},"categories":[7],"tags":[],"filters":[467],"office":[56],"class_list":["post-12567","post","type-post","status-publish","format-standard","has-post-thumbnail","hentry","category-agency-news","filters-romania","office-romania"],"acf":[],"yoast_head":"<!-- This site is optimized with the Yoast SEO plugin v26.8 - https:\/\/yoast.com\/product\/yoast-seo-wordpress\/ -->\n<title>IAA \u0219i Golin invit\u0103 comunitatea creativ\u0103 local\u0103 la Conferin\u0163a Global\u0103 IAA \u201eCreativity4Better\u201d 2022 - Golin EMEA<\/title>\n<meta name=\"robots\" content=\"index, follow, max-snippet:-1, max-image-preview:large, max-video-preview:-1\" \/>\n<link rel=\"canonical\" href=\"https:\/\/golin.com\/emea\/iaa-si-golin-invita-comunitatea-creativa-locala-la-conferinta-globala-iaa-creativity4better-2022\/\" \/>\n<meta property=\"og:locale\" content=\"en_US\" \/>\n<meta property=\"og:type\" content=\"article\" \/>\n<meta property=\"og:title\" content=\"IAA \u0219i Golin invit\u0103 comunitatea creativ\u0103 local\u0103 la Conferin\u0163a Global\u0103 IAA \u201eCreativity4Better\u201d 2022 - Golin EMEA\" \/>\n<meta property=\"og:url\" content=\"https:\/\/golin.com\/emea\/iaa-si-golin-invita-comunitatea-creativa-locala-la-conferinta-globala-iaa-creativity4better-2022\/\" \/>\n<meta property=\"og:site_name\" content=\"Golin EMEA\" \/>\n<meta property=\"article:published_time\" content=\"2023-09-21T12:01:00+00:00\" \/>\n<meta property=\"article:modified_time\" content=\"2023-10-11T08:41:42+00:00\" \/>\n<meta property=\"og:image\" content=\"https:\/\/golin.com\/emea\/wp-content\/uploads\/sites\/7\/2023\/09\/IAA-key-visual.jpg\" \/>\n\t<meta property=\"og:image:width\" content=\"1080\" \/>\n\t<meta property=\"og:image:height\" content=\"1080\" \/>\n\t<meta property=\"og:image:type\" content=\"image\/jpeg\" \/>\n<meta name=\"author\" content=\"mpop\" \/>\n<meta name=\"twitter:card\" content=\"summary_large_image\" \/>\n<meta name=\"twitter:label1\" content=\"Written by\" \/>\n\t<meta name=\"twitter:data1\" content=\"mpop\" \/>\n<script type=\"application\/ld+json\" class=\"yoast-schema-graph\">{\"@context\":\"https:\/\/schema.org\",\"@graph\":[{\"@type\":\"Article\",\"@id\":\"https:\/\/golin.com\/emea\/iaa-si-golin-invita-comunitatea-creativa-locala-la-conferinta-globala-iaa-creativity4better-2022\/#article\",\"isPartOf\":{\"@id\":\"https:\/\/golin.com\/emea\/iaa-si-golin-invita-comunitatea-creativa-locala-la-conferinta-globala-iaa-creativity4better-2022\/\"},\"author\":{\"name\":\"mpop\",\"@id\":\"https:\/\/golin.com\/emea\/#\/schema\/person\/df7be08e4b8e76732b1d8a03a2633214\"},\"headline\":\"IAA \u0219i Golin invit\u0103 comunitatea creativ\u0103 local\u0103 la Conferin\u0163a Global\u0103 IAA \u201eCreativity4Better\u201d 2022\",\"datePublished\":\"2023-09-21T12:01:00+00:00\",\"dateModified\":\"2023-10-11T08:41:42+00:00\",\"mainEntityOfPage\":{\"@id\":\"https:\/\/golin.com\/emea\/iaa-si-golin-invita-comunitatea-creativa-locala-la-conferinta-globala-iaa-creativity4better-2022\/\"},\"wordCount\":14,\"image\":{\"@id\":\"https:\/\/golin.com\/emea\/iaa-si-golin-invita-comunitatea-creativa-locala-la-conferinta-globala-iaa-creativity4better-2022\/#primaryimage\"},\"thumbnailUrl\":\"https:\/\/golin.com\/emea\/wp-content\/uploads\/sites\/7\/2023\/09\/IAA-key-visual.jpg\",\"articleSection\":[\"Agency News\"],\"inLanguage\":\"en-US\"},{\"@type\":\"WebPage\",\"@id\":\"https:\/\/golin.com\/emea\/iaa-si-golin-invita-comunitatea-creativa-locala-la-conferinta-globala-iaa-creativity4better-2022\/\",\"url\":\"https:\/\/golin.com\/emea\/iaa-si-golin-invita-comunitatea-creativa-locala-la-conferinta-globala-iaa-creativity4better-2022\/\",\"name\":\"IAA \u0219i Golin invit\u0103 comunitatea creativ\u0103 local\u0103 la Conferin\u0163a Global\u0103 IAA \u201eCreativity4Better\u201d 2022 - Golin EMEA\",\"isPartOf\":{\"@id\":\"https:\/\/golin.com\/emea\/#website\"},\"primaryImageOfPage\":{\"@id\":\"https:\/\/golin.com\/emea\/iaa-si-golin-invita-comunitatea-creativa-locala-la-conferinta-globala-iaa-creativity4better-2022\/#primaryimage\"},\"image\":{\"@id\":\"https:\/\/golin.com\/emea\/iaa-si-golin-invita-comunitatea-creativa-locala-la-conferinta-globala-iaa-creativity4better-2022\/#primaryimage\"},\"thumbnailUrl\":\"https:\/\/golin.com\/emea\/wp-content\/uploads\/sites\/7\/2023\/09\/IAA-key-visual.jpg\",\"datePublished\":\"2023-09-21T12:01:00+00:00\",\"dateModified\":\"2023-10-11T08:41:42+00:00\",\"author\":{\"@id\":\"https:\/\/golin.com\/emea\/#\/schema\/person\/df7be08e4b8e76732b1d8a03a2633214\"},\"breadcrumb\":{\"@id\":\"https:\/\/golin.com\/emea\/iaa-si-golin-invita-comunitatea-creativa-locala-la-conferinta-globala-iaa-creativity4better-2022\/#breadcrumb\"},\"inLanguage\":\"en-US\",\"potentialAction\":[{\"@type\":\"ReadAction\",\"target\":[\"https:\/\/golin.com\/emea\/iaa-si-golin-invita-comunitatea-creativa-locala-la-conferinta-globala-iaa-creativity4better-2022\/\"]}]},{\"@type\":\"ImageObject\",\"inLanguage\":\"en-US\",\"@id\":\"https:\/\/golin.com\/emea\/iaa-si-golin-invita-comunitatea-creativa-locala-la-conferinta-globala-iaa-creativity4better-2022\/#primaryimage\",\"url\":\"https:\/\/golin.com\/emea\/wp-content\/uploads\/sites\/7\/2023\/09\/IAA-key-visual.jpg\",\"contentUrl\":\"https:\/\/golin.com\/emea\/wp-content\/uploads\/sites\/7\/2023\/09\/IAA-key-visual.jpg\",\"width\":1080,\"height\":1080},{\"@type\":\"BreadcrumbList\",\"@id\":\"https:\/\/golin.com\/emea\/iaa-si-golin-invita-comunitatea-creativa-locala-la-conferinta-globala-iaa-creativity4better-2022\/#breadcrumb\",\"itemListElement\":[{\"@type\":\"ListItem\",\"position\":1,\"name\":\"Home\",\"item\":\"https:\/\/golin.com\/emea\/\"},{\"@type\":\"ListItem\",\"position\":2,\"name\":\"IAA \u0219i Golin invit\u0103 comunitatea creativ\u0103 local\u0103 la Conferin\u0163a Global\u0103 IAA \u201eCreativity4Better\u201d 2022\"}]},{\"@type\":\"WebSite\",\"@id\":\"https:\/\/golin.com\/emea\/#website\",\"url\":\"https:\/\/golin.com\/emea\/\",\"name\":\"Golin EMEA\",\"description\":\"GO ALL IN\",\"potentialAction\":[{\"@type\":\"SearchAction\",\"target\":{\"@type\":\"EntryPoint\",\"urlTemplate\":\"https:\/\/golin.com\/emea\/?s={search_term_string}\"},\"query-input\":{\"@type\":\"PropertyValueSpecification\",\"valueRequired\":true,\"valueName\":\"search_term_string\"}}],\"inLanguage\":\"en-US\"},{\"@type\":\"Person\",\"@id\":\"https:\/\/golin.com\/emea\/#\/schema\/person\/df7be08e4b8e76732b1d8a03a2633214\",\"name\":\"mpop\",\"image\":{\"@type\":\"ImageObject\",\"inLanguage\":\"en-US\",\"@id\":\"https:\/\/golin.com\/emea\/#\/schema\/person\/image\/\",\"url\":\"https:\/\/secure.gravatar.com\/avatar\/90a5e5e4a0fc0ccb0cda684f9f4a6920?s=96&d=mm&r=g\",\"contentUrl\":\"https:\/\/secure.gravatar.com\/avatar\/90a5e5e4a0fc0ccb0cda684f9f4a6920?s=96&d=mm&r=g\",\"caption\":\"mpop\"},\"url\":\"https:\/\/golin.com\/emea\/author\/mpop\/\"}]}<\/script>\n<!-- \/ Yoast SEO plugin. -->","yoast_head_json":{"title":"IAA \u0219i Golin invit\u0103 comunitatea creativ\u0103 local\u0103 la Conferin\u0163a Global\u0103 IAA \u201eCreativity4Better\u201d 2022 - Golin EMEA","robots":{"index":"index","follow":"follow","max-snippet":"max-snippet:-1","max-image-preview":"max-image-preview:large","max-video-preview":"max-video-preview:-1"},"canonical":"https:\/\/golin.com\/emea\/iaa-si-golin-invita-comunitatea-creativa-locala-la-conferinta-globala-iaa-creativity4better-2022\/","og_locale":"en_US","og_type":"article","og_title":"IAA \u0219i Golin invit\u0103 comunitatea creativ\u0103 local\u0103 la Conferin\u0163a Global\u0103 IAA \u201eCreativity4Better\u201d 2022 - Golin EMEA","og_url":"https:\/\/golin.com\/emea\/iaa-si-golin-invita-comunitatea-creativa-locala-la-conferinta-globala-iaa-creativity4better-2022\/","og_site_name":"Golin EMEA","article_published_time":"2023-09-21T12:01:00+00:00","article_modified_time":"2023-10-11T08:41:42+00:00","og_image":[{"width":1080,"height":1080,"url":"https:\/\/golin.com\/emea\/wp-content\/uploads\/sites\/7\/2023\/09\/IAA-key-visual.jpg","type":"image\/jpeg"}],"author":"mpop","twitter_card":"summary_large_image","twitter_misc":{"Written by":"mpop"},"schema":{"@context":"https:\/\/schema.org","@graph":[{"@type":"Article","@id":"https:\/\/golin.com\/emea\/iaa-si-golin-invita-comunitatea-creativa-locala-la-conferinta-globala-iaa-creativity4better-2022\/#article","isPartOf":{"@id":"https:\/\/golin.com\/emea\/iaa-si-golin-invita-comunitatea-creativa-locala-la-conferinta-globala-iaa-creativity4better-2022\/"},"author":{"name":"mpop","@id":"https:\/\/golin.com\/emea\/#\/schema\/person\/df7be08e4b8e76732b1d8a03a2633214"},"headline":"IAA \u0219i Golin invit\u0103 comunitatea creativ\u0103 local\u0103 la Conferin\u0163a Global\u0103 IAA \u201eCreativity4Better\u201d 2022","datePublished":"2023-09-21T12:01:00+00:00","dateModified":"2023-10-11T08:41:42+00:00","mainEntityOfPage":{"@id":"https:\/\/golin.com\/emea\/iaa-si-golin-invita-comunitatea-creativa-locala-la-conferinta-globala-iaa-creativity4better-2022\/"},"wordCount":14,"image":{"@id":"https:\/\/golin.com\/emea\/iaa-si-golin-invita-comunitatea-creativa-locala-la-conferinta-globala-iaa-creativity4better-2022\/#primaryimage"},"thumbnailUrl":"https:\/\/golin.com\/emea\/wp-content\/uploads\/sites\/7\/2023\/09\/IAA-key-visual.jpg","articleSection":["Agency News"],"inLanguage":"en-US"},{"@type":"WebPage","@id":"https:\/\/golin.com\/emea\/iaa-si-golin-invita-comunitatea-creativa-locala-la-conferinta-globala-iaa-creativity4better-2022\/","url":"https:\/\/golin.com\/emea\/iaa-si-golin-invita-comunitatea-creativa-locala-la-conferinta-globala-iaa-creativity4better-2022\/","name":"IAA \u0219i Golin invit\u0103 comunitatea creativ\u0103 local\u0103 la Conferin\u0163a Global\u0103 IAA \u201eCreativity4Better\u201d 2022 - Golin EMEA","isPartOf":{"@id":"https:\/\/golin.com\/emea\/#website"},"primaryImageOfPage":{"@id":"https:\/\/golin.com\/emea\/iaa-si-golin-invita-comunitatea-creativa-locala-la-conferinta-globala-iaa-creativity4better-2022\/#primaryimage"},"image":{"@id":"https:\/\/golin.com\/emea\/iaa-si-golin-invita-comunitatea-creativa-locala-la-conferinta-globala-iaa-creativity4better-2022\/#primaryimage"},"thumbnailUrl":"https:\/\/golin.com\/emea\/wp-content\/uploads\/sites\/7\/2023\/09\/IAA-key-visual.jpg","datePublished":"2023-09-21T12:01:00+00:00","dateModified":"2023-10-11T08:41:42+00:00","author":{"@id":"https:\/\/golin.com\/emea\/#\/schema\/person\/df7be08e4b8e76732b1d8a03a2633214"},"breadcrumb":{"@id":"https:\/\/golin.com\/emea\/iaa-si-golin-invita-comunitatea-creativa-locala-la-conferinta-globala-iaa-creativity4better-2022\/#breadcrumb"},"inLanguage":"en-US","potentialAction":[{"@type":"ReadAction","target":["https:\/\/golin.com\/emea\/iaa-si-golin-invita-comunitatea-creativa-locala-la-conferinta-globala-iaa-creativity4better-2022\/"]}]},{"@type":"ImageObject","inLanguage":"en-US","@id":"https:\/\/golin.com\/emea\/iaa-si-golin-invita-comunitatea-creativa-locala-la-conferinta-globala-iaa-creativity4better-2022\/#primaryimage","url":"https:\/\/golin.com\/emea\/wp-content\/uploads\/sites\/7\/2023\/09\/IAA-key-visual.jpg","contentUrl":"https:\/\/golin.com\/emea\/wp-content\/uploads\/sites\/7\/2023\/09\/IAA-key-visual.jpg","width":1080,"height":1080},{"@type":"BreadcrumbList","@id":"https:\/\/golin.com\/emea\/iaa-si-golin-invita-comunitatea-creativa-locala-la-conferinta-globala-iaa-creativity4better-2022\/#breadcrumb","itemListElement":[{"@type":"ListItem","position":1,"name":"Home","item":"https:\/\/golin.com\/emea\/"},{"@type":"ListItem","position":2,"name":"IAA \u0219i Golin invit\u0103 comunitatea creativ\u0103 local\u0103 la Conferin\u0163a Global\u0103 IAA \u201eCreativity4Better\u201d 2022"}]},{"@type":"WebSite","@id":"https:\/\/golin.com\/emea\/#website","url":"https:\/\/golin.com\/emea\/","name":"Golin EMEA","description":"GO ALL IN","potentialAction":[{"@type":"SearchAction","target":{"@type":"EntryPoint","urlTemplate":"https:\/\/golin.com\/emea\/?s={search_term_string}"},"query-input":{"@type":"PropertyValueSpecification","valueRequired":true,"valueName":"search_term_string"}}],"inLanguage":"en-US"},{"@type":"Person","@id":"https:\/\/golin.com\/emea\/#\/schema\/person\/df7be08e4b8e76732b1d8a03a2633214","name":"mpop","image":{"@type":"ImageObject","inLanguage":"en-US","@id":"https:\/\/golin.com\/emea\/#\/schema\/person\/image\/","url":"https:\/\/secure.gravatar.com\/avatar\/90a5e5e4a0fc0ccb0cda684f9f4a6920?s=96&d=mm&r=g","contentUrl":"https:\/\/secure.gravatar.com\/avatar\/90a5e5e4a0fc0ccb0cda684f9f4a6920?s=96&d=mm&r=g","caption":"mpop"},"url":"https:\/\/golin.com\/emea\/author\/mpop\/"}]}},"_links":{"self":[{"href":"https:\/\/golin.com\/emea\/wp-json\/wp\/v2\/posts\/12567","targetHints":{"allow":["GET"]}}],"collection":[{"href":"https:\/\/golin.com\/emea\/wp-json\/wp\/v2\/posts"}],"about":[{"href":"https:\/\/golin.com\/emea\/wp-json\/wp\/v2\/types\/post"}],"author":[{"embeddable":true,"href":"https:\/\/golin.com\/emea\/wp-json\/wp\/v2\/users\/51"}],"replies":[{"embeddable":true,"href":"https:\/\/golin.com\/emea\/wp-json\/wp\/v2\/comments?post=12567"}],"version-history":[{"count":0,"href":"https:\/\/golin.com\/emea\/wp-json\/wp\/v2\/posts\/12567\/revisions"}],"wp:featuredmedia":[{"embeddable":true,"href":"https:\/\/golin.com\/emea\/wp-json\/wp\/v2\/media\/12568"}],"wp:attachment":[{"href":"https:\/\/golin.com\/emea\/wp-json\/wp\/v2\/media?parent=12567"}],"wp:term":[{"taxonomy":"category","embeddable":true,"href":"https:\/\/golin.com\/emea\/wp-json\/wp\/v2\/categories?post=12567"},{"taxonomy":"post_tag","embeddable":true,"href":"https:\/\/golin.com\/emea\/wp-json\/wp\/v2\/tags?post=12567"},{"taxonomy":"filters","embeddable":true,"href":"https:\/\/golin.com\/emea\/wp-json\/wp\/v2\/filters?post=12567"},{"taxonomy":"office","embeddable":true,"href":"https:\/\/golin.com\/emea\/wp-json\/wp\/v2\/office?post=12567"}],"curies":[{"name":"wp","href":"https:\/\/api.w.org\/{rel}","templated":true}]}}